{"id":220,"date":"2020-01-12T21:00:44","date_gmt":"2020-01-12T21:00:44","guid":{"rendered":"https:\/\/orbitaweb.com.ar\/muestras\/coe\/?p=67"},"modified":"2021-03-04T19:57:42","modified_gmt":"2021-03-04T22:57:42","slug":"protege-tus-ojos-del-sol-todo-el-ano-%e2%98%80%ef%b8%8f","status":"publish","type":"post","link":"https:\/\/centrodeojosesteves.com.ar\/coe\/protege-tus-ojos-del-sol-todo-el-ano-%e2%98%80%ef%b8%8f\/","title":{"rendered":"\u00a1Proteg\u00e9 tus ojos del sol TODO EL A\u00d1O! \u2600\ufe0f"},"content":{"rendered":"[et_pb_section admin_label=&#8221;section&#8221;]\n\t\t[et_pb_row admin_label=&#8221;row&#8221;]\n\t\t\t[et_pb_column type=&#8221;4_4&#8243;][et_pb_text admin_label=&#8221;Text&#8221;]\n<p>Asegurate de usar anteojos de sol con protecci\u00f3n UV, al igual que sombreros de ala ancha cuando estes al aire libre.<\/p>\n\n\n\n<p>\u00a1No te dejes enga\u00f1ar por las nubes! los rayos del sol pueden pasar a trav\u00e9s de la neblina y las nubes delgadas. ?<\/p>\n\n\n\n<p>Evit\u00e1 mirar directamente al sol, incluso durante un eclipse, puede ocasionar una retinopat\u00eda solar, la cual da\u00f1a la retina del ojo por radiaci\u00f3n solar.<\/p>\n\n\n\n<p>No olvide a los ni\u00f1os y adultos mayores de la familia \u00a1proteja sus ojos con sombreros y anteojos de sol tambi\u00e9n! ?<\/p>\n[\/et_pb_text][\/et_pb_column]\n\t\t[\/et_pb_row]\n\t[\/et_pb_section]","protected":false},"excerpt":{"rendered":"<p>[et_pb_section admin_label=&#8221;section&#8221;] [et_pb_row admin_label=&#8221;row&#8221;] [et_pb_column type=&#8221;4_4&#8243;][et_pb_text admin_label=&#8221;Text&#8221;] Asegurate de usar anteojos de sol con protecci\u00f3n UV, al igual que sombreros de ala ancha cuando estes al aire libre. \u00a1No te dejes enga\u00f1ar por las nubes! los rayos del sol pueden pasar a trav\u00e9s de la neblina y las nubes delgadas. ? Evit\u00e1 mirar directamente al &hellip;<\/p>\n<p class=\"read-more\"> <a class=\"\" href=\"https:\/\/centrodeojosesteves.com.ar\/coe\/protege-tus-ojos-del-sol-todo-el-ano-%e2%98%80%ef%b8%8f\/\"> <span class=\"screen-reader-text\">\u00a1Proteg\u00e9 tus ojos del sol TODO EL A\u00d1O! \u2600\ufe0f<\/span> Leer m\u00e1s &raquo;<\/a><\/p>\n","protected":false},"author":1,"featured_media":239,"comment_status":"closed","ping_status":"closed","sticky":false,"template":"","format":"standard","meta":[],"categories":[7],"tags":[],"_links":{"self":[{"href":"https:\/\/centrodeojosesteves.com.ar\/coe\/wp-json\/wp\/v2\/posts\/220"}],"collection":[{"href":"https:\/\/centrodeojosesteves.com.ar\/coe\/wp-json\/wp\/v2\/posts"}],"about":[{"href":"https:\/\/centrodeojosesteves.com.ar\/coe\/wp-json\/wp\/v2\/types\/post"}],"author":[{"embeddable":true,"href":"https:\/\/centrodeojosesteves.com.ar\/coe\/wp-json\/wp\/v2\/users\/1"}],"replies":[{"embeddable":true,"href":"https:\/\/centrodeojosesteves.com.ar\/coe\/wp-json\/wp\/v2\/comments?post=220"}],"version-history":[{"count":2,"href":"https:\/\/centrodeojosesteves.com.ar\/coe\/wp-json\/wp\/v2\/posts\/220\/revisions"}],"predecessor-version":[{"id":371,"href":"https:\/\/centrodeojosesteves.com.ar\/coe\/wp-json\/wp\/v2\/posts\/220\/revisions\/371"}],"wp:featuredmedia":[{"embeddable":true,"href":"https:\/\/centrodeojosesteves.com.ar\/coe\/wp-json\/wp\/v2\/media\/239"}],"wp:attachment":[{"href":"https:\/\/centrodeojosesteves.com.ar\/coe\/wp-json\/wp\/v2\/media?parent=220"}],"wp:term":[{"taxonomy":"category","embeddable":true,"href":"https:\/\/centrodeojosesteves.com.ar\/coe\/wp-json\/wp\/v2\/categories?post=220"},{"taxonomy":"post_tag","embeddable":true,"href":"https:\/\/centrodeojosesteves.com.ar\/coe\/wp-json\/wp\/v2\/tags?post=220"}],"curies":[{"name":"wp","href":"https:\/\/api.w.org\/{rel}","templated":true}]}}